{"id":15635,"date":"2025-10-23T19:00:59","date_gmt":"2025-10-23T17:00:59","guid":{"rendered":"https:\/\/www.laciotat-shipyards.com\/?p=15635"},"modified":"2025-12-17T16:29:04","modified_gmt":"2025-12-17T15:29:04","slug":"les-chantiers-navals-de-la-ciotat-inaugurent-la-nef-b","status":"publish","type":"post","link":"https:\/\/www.laciotat-shipyards.com\/en\/les-chantiers-navals-de-la-ciotat-inaugurent-la-nef-b\/","title":{"rendered":"Les chantiers navals de La Ciotat inaugurent la Nef B"},"content":{"rendered":"<div class=\"wpb-content-wrapper\"><p>[vc_row][vc_column][vc_column_text css=&#8221;&#8221;]<\/p>\n<p style=\"text-align: justify;\">Le mardi 21 octobre, les Chantiers navals de La Ciotat ont inaugur\u00e9 aux c\u00f4t\u00e9s de MB92 et en pr\u00e9sence de Monsieur le Maire, la nouvelle nef B, fra\u00eechement r\u00e9habilit\u00e9e.<\/p>\n<p style=\"text-align: justify;\">L\u2019\u00e9v\u00e9nement a rassembl\u00e9 les partenaires de l&#8217;occupant MB92, les entreprises ayant particip\u00e9 aux travaux, les collaborateurs de MB92 et de LCS, ainsi que les repr\u00e9sentants des partenaires publics engag\u00e9s dans cette transformation. Il marque une \u00e9tape majeure du projet de r\u00e9habilitation des grandes nefs A, B et C, inscrit dans le programme d\u2019am\u00e9nagement de La Ciotat Shipyards pour la d\u00e9cennie \u00e0 venir.<\/p>\n<p style=\"text-align: justify;\">Construite en 1968 pour la pr\u00e9fabrication de tron\u00e7ons de coques de bateaux, la Nef B a b\u00e9n\u00e9fici\u00e9 d&#8217;une r\u00e9habilitation ambitieuse port\u00e9e par un investissement total de 10,7 millions au total (6,5 M\u20ac par MB92 La Ciotat et 4.2 M\u20ac par LCS), avec un accompagnement par l\u2019\u00c9tat au titre du \u00ab Fonds vert \u00bb. Ce chantier a notamment permis :<\/p>\n<ul style=\"text-align: justify;\">\n<li>la r\u00e9novation compl\u00e8te de la toiture (bient\u00f4t \u00e9quip\u00e9e de panneaux photovolta\u00efques),<\/li>\n<li>la r\u00e9fection des bardages,<\/li>\n<li>la mise en conformit\u00e9 du b\u00e2timent,<\/li>\n<li>et la cr\u00e9ation de 5 000 m\u00b2 de nouveaux espaces d\u2019activit\u00e9 incluant 8 ateliers de production, 2 zones de stockage, des bureaux et des espaces sociaux.<\/li>\n<\/ul>\n<p style=\"text-align: justify;\">Patrick Ghigonetto, Pr\u00e9sident de La Ciotat Shipyards, et Rob Papworth, Pr\u00e9sident Directeur G\u00e9n\u00e9ral de MB92 La Ciotat, ont soulign\u00e9 l\u2019importance strat\u00e9gique de la r\u00e9habilitation du b\u00e2ti existant. Ce chantier permettra d\u2019augmenter significativement la capacit\u00e9 d\u2019accueil des yachts tout en renfor\u00e7ant l\u2019emploi local\u00a0 &#8220;<em>fil rouge de la r\u00e9industrialisation du site naval engag\u00e9e il y a 30 ann\u00e9es<\/em>&#8220;.<\/p>\n<p style=\"text-align: justify;\">D&#8217;autres projets inscrits au programme d&#8217;am\u00e9nagement de La Ciotat Shipyards sont d\u00e9j\u00e0 en cours de d\u00e9veloppement parmi lesquels :<\/p>\n<ul style=\"text-align: justify;\">\n<li>l\u2019acquisition d\u2019un nouveau roulev de 400 tonnes,<\/li>\n<li>le renforcement des installations de grandes puissances \u00e9lectriques,<\/li>\n<li>l&#8217;extension du Yachting Village avec l&#8217;accueil de nouvelles entreprises,<\/li>\n<li>l&#8217;am\u00e9lioration de l&#8217;empreinte environnementale,<\/li>\n<li>des travaux d&#8217;am\u00e9lioration du port-vieux,<\/li>\n<li>la mise en valeur patrimoniale avec un parcours mus\u00e9al et un programme d\u2019entretien des anciennes grues,<\/li>\n<li>Et l&#8217;am\u00e9lioration continue de la s\u00fbret\u00e9 et de la s\u00e9curit\u00e9.<\/li>\n<\/ul>\n<p style=\"text-align: justify;\">Ce programme t\u00e9moigne de l&#8217;ambition de la SPL de faire \u00e9voluer le site dans le respect de son histoire, son environnement et au service de son avenir pour maintenir sa position de leader mondial dans le refit de yachts.<\/p>\n<p>[\/vc_column_text][\/vc_column][\/vc_row][vc_row][vc_column][vc_media_grid element_width=&#8221;3&#8243; css=&#8221;&#8221; grid_id=&#8221;vc_gid:1761236194818-56131542-8cce-8&#8243; include=&#8221;15662,15658,15660,15664&#8243;][\/vc_column][\/vc_row]<\/p>\n<\/div>","protected":false},"excerpt":{"rendered":"<p>[vc_row][vc_column][vc_column_text css=&#8221;&#8221;] Le mardi 21 octobre, les Chantiers navals de La Ciotat ont inaugur\u00e9 aux c\u00f4t\u00e9s de MB92 et en pr\u00e9sence de Monsieur le Maire, la nouvelle nef B, fra\u00eechement r\u00e9habilit\u00e9e. L\u2019\u00e9v\u00e9nement a rassembl\u00e9 les partenaires de l&#8217;occupant MB92, les entreprises ayant particip\u00e9 aux travaux, les collaborateurs de MB92 et de LCS, ainsi que les&hellip;<\/p>\n","protected":false},"author":347,"featured_media":15634,"comment_status":"closed","ping_status":"closed","sticky":false,"template":"","format":"standard","meta":{"footnotes":""},"categories":[34],"tags":[],"class_list":["post-15635","post","type-post","status-publish","format-standard","has-post-thumbnail","hentry","category-agenda-en","category-34","description-off"],"yoast_head":"<!-- This site is optimized with the Yoast SEO plugin v27.4 - https:\/\/yoast.com\/product\/yoast-seo-wordpress\/ -->\n<title>Les chantiers navals de La Ciotat inaugurent la Nef B - La Ciotat Shipyards<\/title>\n<meta name=\"description\" content=\"La Ciotat Shipyards, gestionnaire du site des chantiers navals de La Ciotat et MB92 ont inaugur\u00e9 le 21 octobre 2025 la Nef B, fraichement r\u00e9habilit\u00e9e.\" \/>\n<meta name=\"robots\" content=\"index, follow, max-snippet:-1, max-image-preview:large, max-video-preview:-1\" \/>\n<link rel=\"canonical\" href=\"https:\/\/www.laciotat-shipyards.com\/en\/les-chantiers-navals-de-la-ciotat-inaugurent-la-nef-b\/\" \/>\n<meta property=\"og:locale\" content=\"en_US\" \/>\n<meta property=\"og:type\" content=\"article\" \/>\n<meta property=\"og:title\" content=\"Les chantiers navals de La Ciotat inaugurent la Nef B - La Ciotat Shipyards\" \/>\n<meta property=\"og:description\" content=\"La Ciotat Shipyards, gestionnaire du site des chantiers navals de La Ciotat et MB92 ont inaugur\u00e9 le 21 octobre 2025 la Nef B, fraichement r\u00e9habilit\u00e9e.\" \/>\n<meta property=\"og:url\" content=\"https:\/\/www.laciotat-shipyards.com\/en\/les-chantiers-navals-de-la-ciotat-inaugurent-la-nef-b\/\" \/>\n<meta property=\"og:site_name\" content=\"La Ciotat Shipyards\" \/>\n<meta property=\"article:published_time\" content=\"2025-10-23T17:00:59+00:00\" \/>\n<meta property=\"article:modified_time\" content=\"2025-12-17T15:29:04+00:00\" \/>\n<meta property=\"og:image\" content=\"https:\/\/www.laciotat-shipyards.com\/semideplacyotat\/wp-content\/uploads\/2025\/10\/DSC05629.jpg\" \/>\n\t<meta property=\"og:image:width\" content=\"2000\" \/>\n\t<meta property=\"og:image:height\" content=\"1333\" \/>\n\t<meta property=\"og:image:type\" content=\"image\/jpeg\" \/>\n<meta name=\"author\" content=\"LCS\" \/>\n<meta name=\"twitter:card\" content=\"summary_large_image\" \/>\n<meta name=\"twitter:label1\" content=\"Written by\" \/>\n\t<meta name=\"twitter:data1\" content=\"LCS\" \/>\n\t<meta name=\"twitter:label2\" content=\"Est. reading time\" \/>\n\t<meta name=\"twitter:data2\" content=\"3 minutes\" \/>\n<script type=\"application\/ld+json\" class=\"yoast-schema-graph\">{\"@context\":\"https:\\\/\\\/schema.org\",\"@graph\":[{\"@type\":\"Article\",\"@id\":\"https:\\\/\\\/www.laciotat-shipyards.com\\\/en\\\/les-chantiers-navals-de-la-ciotat-inaugurent-la-nef-b\\\/#article\",\"isPartOf\":{\"@id\":\"https:\\\/\\\/www.laciotat-shipyards.com\\\/en\\\/les-chantiers-navals-de-la-ciotat-inaugurent-la-nef-b\\\/\"},\"author\":{\"name\":\"LCS\",\"@id\":\"https:\\\/\\\/www.laciotat-shipyards.com\\\/fr\\\/#\\\/schema\\\/person\\\/3bfa14f90ac777b19bfd377e16a04798\"},\"headline\":\"Les chantiers navals de La Ciotat inaugurent la Nef B\",\"datePublished\":\"2025-10-23T17:00:59+00:00\",\"dateModified\":\"2025-12-17T15:29:04+00:00\",\"mainEntityOfPage\":{\"@id\":\"https:\\\/\\\/www.laciotat-shipyards.com\\\/en\\\/les-chantiers-navals-de-la-ciotat-inaugurent-la-nef-b\\\/\"},\"wordCount\":459,\"image\":{\"@id\":\"https:\\\/\\\/www.laciotat-shipyards.com\\\/en\\\/les-chantiers-navals-de-la-ciotat-inaugurent-la-nef-b\\\/#primaryimage\"},\"thumbnailUrl\":\"https:\\\/\\\/www.laciotat-shipyards.com\\\/semideplacyotat\\\/wp-content\\\/uploads\\\/2025\\\/10\\\/DSC05629.jpg\",\"articleSection\":[\"Agenda\"],\"inLanguage\":\"en-US\"},{\"@type\":\"WebPage\",\"@id\":\"https:\\\/\\\/www.laciotat-shipyards.com\\\/en\\\/les-chantiers-navals-de-la-ciotat-inaugurent-la-nef-b\\\/\",\"url\":\"https:\\\/\\\/www.laciotat-shipyards.com\\\/en\\\/les-chantiers-navals-de-la-ciotat-inaugurent-la-nef-b\\\/\",\"name\":\"Les chantiers navals de La Ciotat inaugurent la Nef B - La Ciotat Shipyards\",\"isPartOf\":{\"@id\":\"https:\\\/\\\/www.laciotat-shipyards.com\\\/fr\\\/#website\"},\"primaryImageOfPage\":{\"@id\":\"https:\\\/\\\/www.laciotat-shipyards.com\\\/en\\\/les-chantiers-navals-de-la-ciotat-inaugurent-la-nef-b\\\/#primaryimage\"},\"image\":{\"@id\":\"https:\\\/\\\/www.laciotat-shipyards.com\\\/en\\\/les-chantiers-navals-de-la-ciotat-inaugurent-la-nef-b\\\/#primaryimage\"},\"thumbnailUrl\":\"https:\\\/\\\/www.laciotat-shipyards.com\\\/semideplacyotat\\\/wp-content\\\/uploads\\\/2025\\\/10\\\/DSC05629.jpg\",\"datePublished\":\"2025-10-23T17:00:59+00:00\",\"dateModified\":\"2025-12-17T15:29:04+00:00\",\"author\":{\"@id\":\"https:\\\/\\\/www.laciotat-shipyards.com\\\/fr\\\/#\\\/schema\\\/person\\\/3bfa14f90ac777b19bfd377e16a04798\"},\"description\":\"La Ciotat Shipyards, gestionnaire du site des chantiers navals de La Ciotat et MB92 ont inaugur\u00e9 le 21 octobre 2025 la Nef B, fraichement r\u00e9habilit\u00e9e.\",\"breadcrumb\":{\"@id\":\"https:\\\/\\\/www.laciotat-shipyards.com\\\/en\\\/les-chantiers-navals-de-la-ciotat-inaugurent-la-nef-b\\\/#breadcrumb\"},\"inLanguage\":\"en-US\",\"potentialAction\":[{\"@type\":\"ReadAction\",\"target\":[\"https:\\\/\\\/www.laciotat-shipyards.com\\\/en\\\/les-chantiers-navals-de-la-ciotat-inaugurent-la-nef-b\\\/\"]}]},{\"@type\":\"ImageObject\",\"inLanguage\":\"en-US\",\"@id\":\"https:\\\/\\\/www.laciotat-shipyards.com\\\/en\\\/les-chantiers-navals-de-la-ciotat-inaugurent-la-nef-b\\\/#primaryimage\",\"url\":\"https:\\\/\\\/www.laciotat-shipyards.com\\\/semideplacyotat\\\/wp-content\\\/uploads\\\/2025\\\/10\\\/DSC05629.jpg\",\"contentUrl\":\"https:\\\/\\\/www.laciotat-shipyards.com\\\/semideplacyotat\\\/wp-content\\\/uploads\\\/2025\\\/10\\\/DSC05629.jpg\",\"width\":2000,\"height\":1333},{\"@type\":\"BreadcrumbList\",\"@id\":\"https:\\\/\\\/www.laciotat-shipyards.com\\\/en\\\/les-chantiers-navals-de-la-ciotat-inaugurent-la-nef-b\\\/#breadcrumb\",\"itemListElement\":[{\"@type\":\"ListItem\",\"position\":1,\"name\":\"Accueil\",\"item\":\"https:\\\/\\\/www.laciotat-shipyards.com\\\/en\\\/\"},{\"@type\":\"ListItem\",\"position\":2,\"name\":\"Les chantiers navals de La Ciotat inaugurent la Nef B\"}]},{\"@type\":\"WebSite\",\"@id\":\"https:\\\/\\\/www.laciotat-shipyards.com\\\/fr\\\/#website\",\"url\":\"https:\\\/\\\/www.laciotat-shipyards.com\\\/fr\\\/\",\"name\":\"La Ciotat Shipyards\",\"description\":\"Site maritime d\u2019excellence en M\u00e9diterran\u00e9e\",\"potentialAction\":[{\"@type\":\"SearchAction\",\"target\":{\"@type\":\"EntryPoint\",\"urlTemplate\":\"https:\\\/\\\/www.laciotat-shipyards.com\\\/fr\\\/?s={search_term_string}\"},\"query-input\":{\"@type\":\"PropertyValueSpecification\",\"valueRequired\":true,\"valueName\":\"search_term_string\"}}],\"inLanguage\":\"en-US\"},{\"@type\":\"Person\",\"@id\":\"https:\\\/\\\/www.laciotat-shipyards.com\\\/fr\\\/#\\\/schema\\\/person\\\/3bfa14f90ac777b19bfd377e16a04798\",\"name\":\"LCS\"}]}<\/script>\n<!-- \/ Yoast SEO plugin. -->","yoast_head_json":{"title":"Les chantiers navals de La Ciotat inaugurent la Nef B - La Ciotat Shipyards","description":"La Ciotat Shipyards, gestionnaire du site des chantiers navals de La Ciotat et MB92 ont inaugur\u00e9 le 21 octobre 2025 la Nef B, fraichement r\u00e9habilit\u00e9e.","robots":{"index":"index","follow":"follow","max-snippet":"max-snippet:-1","max-image-preview":"max-image-preview:large","max-video-preview":"max-video-preview:-1"},"canonical":"https:\/\/www.laciotat-shipyards.com\/en\/les-chantiers-navals-de-la-ciotat-inaugurent-la-nef-b\/","og_locale":"en_US","og_type":"article","og_title":"Les chantiers navals de La Ciotat inaugurent la Nef B - La Ciotat Shipyards","og_description":"La Ciotat Shipyards, gestionnaire du site des chantiers navals de La Ciotat et MB92 ont inaugur\u00e9 le 21 octobre 2025 la Nef B, fraichement r\u00e9habilit\u00e9e.","og_url":"https:\/\/www.laciotat-shipyards.com\/en\/les-chantiers-navals-de-la-ciotat-inaugurent-la-nef-b\/","og_site_name":"La Ciotat Shipyards","article_published_time":"2025-10-23T17:00:59+00:00","article_modified_time":"2025-12-17T15:29:04+00:00","og_image":[{"width":2000,"height":1333,"url":"https:\/\/www.laciotat-shipyards.com\/semideplacyotat\/wp-content\/uploads\/2025\/10\/DSC05629.jpg","type":"image\/jpeg"}],"author":"LCS","twitter_card":"summary_large_image","twitter_misc":{"Written by":"LCS","Est. reading time":"3 minutes"},"schema":{"@context":"https:\/\/schema.org","@graph":[{"@type":"Article","@id":"https:\/\/www.laciotat-shipyards.com\/en\/les-chantiers-navals-de-la-ciotat-inaugurent-la-nef-b\/#article","isPartOf":{"@id":"https:\/\/www.laciotat-shipyards.com\/en\/les-chantiers-navals-de-la-ciotat-inaugurent-la-nef-b\/"},"author":{"name":"LCS","@id":"https:\/\/www.laciotat-shipyards.com\/fr\/#\/schema\/person\/3bfa14f90ac777b19bfd377e16a04798"},"headline":"Les chantiers navals de La Ciotat inaugurent la Nef B","datePublished":"2025-10-23T17:00:59+00:00","dateModified":"2025-12-17T15:29:04+00:00","mainEntityOfPage":{"@id":"https:\/\/www.laciotat-shipyards.com\/en\/les-chantiers-navals-de-la-ciotat-inaugurent-la-nef-b\/"},"wordCount":459,"image":{"@id":"https:\/\/www.laciotat-shipyards.com\/en\/les-chantiers-navals-de-la-ciotat-inaugurent-la-nef-b\/#primaryimage"},"thumbnailUrl":"https:\/\/www.laciotat-shipyards.com\/semideplacyotat\/wp-content\/uploads\/2025\/10\/DSC05629.jpg","articleSection":["Agenda"],"inLanguage":"en-US"},{"@type":"WebPage","@id":"https:\/\/www.laciotat-shipyards.com\/en\/les-chantiers-navals-de-la-ciotat-inaugurent-la-nef-b\/","url":"https:\/\/www.laciotat-shipyards.com\/en\/les-chantiers-navals-de-la-ciotat-inaugurent-la-nef-b\/","name":"Les chantiers navals de La Ciotat inaugurent la Nef B - La Ciotat Shipyards","isPartOf":{"@id":"https:\/\/www.laciotat-shipyards.com\/fr\/#website"},"primaryImageOfPage":{"@id":"https:\/\/www.laciotat-shipyards.com\/en\/les-chantiers-navals-de-la-ciotat-inaugurent-la-nef-b\/#primaryimage"},"image":{"@id":"https:\/\/www.laciotat-shipyards.com\/en\/les-chantiers-navals-de-la-ciotat-inaugurent-la-nef-b\/#primaryimage"},"thumbnailUrl":"https:\/\/www.laciotat-shipyards.com\/semideplacyotat\/wp-content\/uploads\/2025\/10\/DSC05629.jpg","datePublished":"2025-10-23T17:00:59+00:00","dateModified":"2025-12-17T15:29:04+00:00","author":{"@id":"https:\/\/www.laciotat-shipyards.com\/fr\/#\/schema\/person\/3bfa14f90ac777b19bfd377e16a04798"},"description":"La Ciotat Shipyards, gestionnaire du site des chantiers navals de La Ciotat et MB92 ont inaugur\u00e9 le 21 octobre 2025 la Nef B, fraichement r\u00e9habilit\u00e9e.","breadcrumb":{"@id":"https:\/\/www.laciotat-shipyards.com\/en\/les-chantiers-navals-de-la-ciotat-inaugurent-la-nef-b\/#breadcrumb"},"inLanguage":"en-US","potentialAction":[{"@type":"ReadAction","target":["https:\/\/www.laciotat-shipyards.com\/en\/les-chantiers-navals-de-la-ciotat-inaugurent-la-nef-b\/"]}]},{"@type":"ImageObject","inLanguage":"en-US","@id":"https:\/\/www.laciotat-shipyards.com\/en\/les-chantiers-navals-de-la-ciotat-inaugurent-la-nef-b\/#primaryimage","url":"https:\/\/www.laciotat-shipyards.com\/semideplacyotat\/wp-content\/uploads\/2025\/10\/DSC05629.jpg","contentUrl":"https:\/\/www.laciotat-shipyards.com\/semideplacyotat\/wp-content\/uploads\/2025\/10\/DSC05629.jpg","width":2000,"height":1333},{"@type":"BreadcrumbList","@id":"https:\/\/www.laciotat-shipyards.com\/en\/les-chantiers-navals-de-la-ciotat-inaugurent-la-nef-b\/#breadcrumb","itemListElement":[{"@type":"ListItem","position":1,"name":"Accueil","item":"https:\/\/www.laciotat-shipyards.com\/en\/"},{"@type":"ListItem","position":2,"name":"Les chantiers navals de La Ciotat inaugurent la Nef B"}]},{"@type":"WebSite","@id":"https:\/\/www.laciotat-shipyards.com\/fr\/#website","url":"https:\/\/www.laciotat-shipyards.com\/fr\/","name":"La Ciotat Shipyards","description":"Site maritime d\u2019excellence en M\u00e9diterran\u00e9e","potentialAction":[{"@type":"SearchAction","target":{"@type":"EntryPoint","urlTemplate":"https:\/\/www.laciotat-shipyards.com\/fr\/?s={search_term_string}"},"query-input":{"@type":"PropertyValueSpecification","valueRequired":true,"valueName":"search_term_string"}}],"inLanguage":"en-US"},{"@type":"Person","@id":"https:\/\/www.laciotat-shipyards.com\/fr\/#\/schema\/person\/3bfa14f90ac777b19bfd377e16a04798","name":"LCS"}]}},"_links":{"self":[{"href":"https:\/\/www.laciotat-shipyards.com\/en\/wp-json\/wp\/v2\/posts\/15635","targetHints":{"allow":["GET"]}}],"collection":[{"href":"https:\/\/www.laciotat-shipyards.com\/en\/wp-json\/wp\/v2\/posts"}],"about":[{"href":"https:\/\/www.laciotat-shipyards.com\/en\/wp-json\/wp\/v2\/types\/post"}],"author":[{"embeddable":true,"href":"https:\/\/www.laciotat-shipyards.com\/en\/wp-json\/wp\/v2\/users\/347"}],"replies":[{"embeddable":true,"href":"https:\/\/www.laciotat-shipyards.com\/en\/wp-json\/wp\/v2\/comments?post=15635"}],"version-history":[{"count":14,"href":"https:\/\/www.laciotat-shipyards.com\/en\/wp-json\/wp\/v2\/posts\/15635\/revisions"}],"predecessor-version":[{"id":16042,"href":"https:\/\/www.laciotat-shipyards.com\/en\/wp-json\/wp\/v2\/posts\/15635\/revisions\/16042"}],"wp:featuredmedia":[{"embeddable":true,"href":"https:\/\/www.laciotat-shipyards.com\/en\/wp-json\/wp\/v2\/media\/15634"}],"wp:attachment":[{"href":"https:\/\/www.laciotat-shipyards.com\/en\/wp-json\/wp\/v2\/media?parent=15635"}],"wp:term":[{"taxonomy":"category","embeddable":true,"href":"https:\/\/www.laciotat-shipyards.com\/en\/wp-json\/wp\/v2\/categories?post=15635"},{"taxonomy":"post_tag","embeddable":true,"href":"https:\/\/www.laciotat-shipyards.com\/en\/wp-json\/wp\/v2\/tags?post=15635"}],"curies":[{"name":"wp","href":"https:\/\/api.w.org\/{rel}","templated":true}]}}